{"id":3508,"date":"2024-07-23T05:08:29","date_gmt":"2024-07-23T05:08:29","guid":{"rendered":"https:\/\/ecstatic-sinoussi.194-60-87-163.plesk.page\/entdecken-sie-opatija-die-perle-der-kvarner-bucht\/"},"modified":"2024-08-02T14:41:52","modified_gmt":"2024-08-02T14:41:52","slug":"entdecken-sie-opatija-die-perle-der-kvarner-bucht","status":"publish","type":"post","link":"https:\/\/mali-raj.hr\/de\/entdecken-sie-opatija-die-perle-der-kvarner-bucht\/","title":{"rendered":"Entdecken Sie Opatija, die Perle der Kvarner-Bucht"},"content":{"rendered":"\n<p>Opatija liegt an der Ostk\u00fcste der Halbinsel Istrien und ist eine charmante K\u00fcstenstadt, die Besuchern ein unvergessliches Erlebnis verspricht. Opatija, bekannt als die \u201ePerle des Kvarners\u201c, verbindet die Eleganz der \u00f6sterreichisch-ungarischen \u00c4ra mit der nat\u00fcrlichen Sch\u00f6nheit der kroatischen K\u00fcste. Hier erfahren Sie, warum Opatija Ihr n\u00e4chstes Reiseziel sein sollte.<\/p>\n\n<h2 class=\"wp-block-heading\">Historische Eleganz<\/h2>\n\n<p>Opatija kann auf eine reiche Geschichte zur\u00fcckblicken, die bis ins 19. Jahrhundert zur\u00fcckreicht, als es zu einem beliebten Sommerurlaubsort f\u00fcr die europ\u00e4ische Aristokratie wurde. Pr\u00e4chtige Stadtvillen, Luxushotels und gepflegte Parks zeugen von seiner prestigetr\u00e4chtigen Vergangenheit. Spazieren Sie den Lungomare entlang, eine 12 Kilometer lange Promenade entlang des Meeres, um die wundersch\u00f6ne Architektur und den atemberaubenden Meerblick zu bewundern. Zu den wichtigsten Sehensw\u00fcrdigkeiten z\u00e4hlen die Villa Angiolina, heute ein Museum, und die legend\u00e4re Statue der Jungfrau und der M\u00f6we, das Symbol der Stadt.<\/p>\n\n<figure class=\"wp-block-image size-full\"><img fetchpriority=\"high\" decoding=\"async\" width=\"1024\" height=\"500\" src=\"https:\/\/mali-raj.hr\/wp-content\/uploads\/2024\/07\/djevojka-s-galebom-1.jpg\" alt=\"\" class=\"wp-image-3373\" srcset=\"https:\/\/mali-raj.hr\/wp-content\/uploads\/2024\/07\/djevojka-s-galebom-1.jpg 1024w, https:\/\/mali-raj.hr\/wp-content\/uploads\/2024\/07\/djevojka-s-galebom-1-300x146.jpg 300w, https:\/\/mali-raj.hr\/wp-content\/uploads\/2024\/07\/djevojka-s-galebom-1-768x375.jpg 768w, https:\/\/mali-raj.hr\/wp-content\/uploads\/2024\/07\/djevojka-s-galebom-1-600x293.jpg 600w\" sizes=\"(max-width: 1024px) 100vw, 1024px\" \/><figcaption class=\"wp-element-caption\">Flickr- Girl with a seagull<\/figcaption><\/figure>\n\n<h2 class=\"wp-block-heading\">Nat\u00fcrliche Sch\u00f6nheit<\/h2>\n\n<p>Opatija ist von \u00fcppigem Gr\u00fcn und unber\u00fchrtem Meer umgeben, was es zu einem Paradies f\u00fcr Naturliebhaber macht. Die Stadt liegt am Fu\u00dfe des U\u010dka-Gebirges, einem Naturpark, der zahlreiche Wanderwege mit herrlichem Blick auf die Adria bietet. Opatijas Parks und G\u00e4rten wie der Angiolina-Park und der Margarita-Park eignen sich perfekt f\u00fcr einen gem\u00fctlichen Nachmittagsspaziergang und bieten eine Vielzahl exotischer Pflanzen und Blumen.<\/p>\n\n<figure class=\"wp-block-image size-full\"><img decoding=\"async\" width=\"1024\" height=\"766\" src=\"https:\/\/mali-raj.hr\/wp-content\/uploads\/2024\/07\/opatija-park-1.jpg\" alt=\"\" class=\"wp-image-3378\" srcset=\"https:\/\/mali-raj.hr\/wp-content\/uploads\/2024\/07\/opatija-park-1.jpg 1024w, https:\/\/mali-raj.hr\/wp-content\/uploads\/2024\/07\/opatija-park-1-300x224.jpg 300w, https:\/\/mali-raj.hr\/wp-content\/uploads\/2024\/07\/opatija-park-1-768x575.jpg 768w, https:\/\/mali-raj.hr\/wp-content\/uploads\/2024\/07\/opatija-park-1-600x449.jpg 600w\" sizes=\"(max-width: 1024px) 100vw, 1024px\" \/><figcaption class=\"wp-element-caption\">Flickr &#8211; Park Angiolina<\/figcaption><\/figure>\n\n<h2 class=\"wp-block-heading\">Wellness und Entspannung<\/h2>\n\n<p>F\u00fcr diejenigen, die Entspannung suchen, ist Opatija f\u00fcr seine Wellness- und Spa-Einrichtungen bekannt. Die Stadt hat eine lange Tradition des Gesundheitstourismus, wobei mehrere Hotels hochmoderne Spa-Dienstleistungen anbieten. Genie\u00dfen Sie therapeutische Behandlungen, Thermalb\u00e4der und Thalassotherapie, bei denen die heilenden Eigenschaften des Meeres genutzt werden. Das milde Klima und die frische Meeresluft verst\u00e4rken das Erlebnis der Verj\u00fcngung noch weiter.<\/p>\n\n<figure class=\"wp-block-image size-full is-resized\"><img decoding=\"async\" width=\"640\" height=\"453\" src=\"https:\/\/mali-raj.hr\/wp-content\/uploads\/2024\/07\/opatija-panorama-1.jpg\" alt=\"\" class=\"wp-image-3383\" style=\"width:836px;height:auto\" srcset=\"https:\/\/mali-raj.hr\/wp-content\/uploads\/2024\/07\/opatija-panorama-1.jpg 640w, https:\/\/mali-raj.hr\/wp-content\/uploads\/2024\/07\/opatija-panorama-1-300x212.jpg 300w, https:\/\/mali-raj.hr\/wp-content\/uploads\/2024\/07\/opatija-panorama-1-600x425.jpg 600w\" sizes=\"(max-width: 640px) 100vw, 640px\" \/><figcaption class=\"wp-element-caption\">Flickr<\/figcaption><\/figure>\n\n<h2 class=\"wp-block-heading\">Kulinarische Gen\u00fcsse<\/h2>\n\n<p>Die kulinarische Szene von Opatija ist eine angenehme Mischung aus mediterranen und mitteleurop\u00e4ischen Aromen. Frische Meeresfr\u00fcchte, lokal angebaute Produkte und traditionelle kroatische Gerichte sind die Highlights der Gastronomie der Stadt. Verpassen Sie nicht, lokale Spezialit\u00e4ten wie Garnelen, Tr\u00fcffelgerichte und Kvarner-Garnelen zu probieren. Die Stadt veranstaltet das ganze Jahr \u00fcber auch mehrere Food-Festivals, bei denen ihr reiches kulinarisches Erbe gefeiert wird.<\/p>\n\n<h2 class=\"wp-block-heading\">Kulturelle Erlebnisse<\/h2>\n\n<p>Opatija bietet eine lebendige Kulturszene mit zahlreichen Veranstaltungen und Festivals. Der Kalender der Stadt ist voll mit Musikfestivals, Kunstausstellungen und Theaterauff\u00fchrungen. Opatijas Sommerkonzertb\u00fchne und Open-Air-Kino sind ebenso bekannt wie das Schokoladenfestival und Retro Opatija. Wenn Sie die lokale Tradition probieren m\u00f6chten, besuchen Sie sie w\u00e4hrend der Karnevalszeit und erleben Sie farbenfrohe Paraden und lebhafte Stra\u00dfenfeste.<\/p>\n\n<h2 class=\"wp-block-heading\">Einfacher Zugang und Ausfl\u00fcge<\/h2>\n\n<p>Die Lage von Opatija macht es zu einem idealen Ausgangspunkt, um die weitere Region zu erkunden. Die Stadt ist gut an das Stra\u00dfennetz angebunden und nur wenige Autominuten von gr\u00f6\u00dferen kroatischen St\u00e4dten wie Rijeka und Pula entfernt. Von Opatija aus k\u00f6nnen Sie problemlos Tagesausfl\u00fcge zu den nahegelegenen Inseln, der historischen Stadt Rovinj oder dem Nationalpark Plitvicer Seen unternehmen. Ob Sie die K\u00fcste erkunden oder ins Landesinnere fahren m\u00f6chten, die zentrale Lage von Opatija bietet endlose M\u00f6glichkeiten.<\/p>\n\n<h2 class=\"wp-block-heading\">Ein ganzj\u00e4hriges Reiseziel<\/h2>\n\n<p>Das milde mediterrane Klima macht Opatija zu jeder Jahreszeit zu einem hervorragenden Reiseziel. Die Sommer sind warm und ideal f\u00fcr Strandaktivit\u00e4ten, w\u00e4hrend die Fr\u00fchlings- und Herbstmonate angenehmes Wetter f\u00fcr Erkundungen im Freien bieten. Selbst im Winter verspr\u00fcht Opatija mit seinen Weihnachtsdekorationen und der angenehmen Atmosph\u00e4re Charme, was es zu einem perfekten Winterurlaubsort macht.<\/p>\n\n<h2 class=\"wp-block-heading\">Schluss<\/h2>\n\n<p>Opatija ist ein Reiseziel, das Geschichte, Natur, Wellness und Kultur perfekt vereint. Ob Sie am Strand entspannen, historische St\u00e4tten erkunden, Gourmet-Essen genie\u00dfen oder einfach die ruhige Umgebung genie\u00dfen m\u00f6chten, Opatija hat f\u00fcr jeden etwas zu bieten. Planen Sie Ihren Besuch in diesem Juwel an der Adria und entdecken Sie den zeitlosen Reiz von Opatija.<\/p>\n\n<p>Vorbereitung: S.O.S. English<\/p>\n","protected":false},"excerpt":{"rendered":"<p>Opatija liegt an der Ostk\u00fcste der Halbinsel Istrien und ist eine charmante K\u00fcstenstadt, die Besuchern ein unvergessliches Erlebnis verspricht. Opatija, bekannt als die \u201ePerle des Kvarners\u201c, verbindet die Eleganz der \u00f6sterreichisch-ungarischen \u00c4ra mit der nat\u00fcrlichen Sch\u00f6nheit der kroatischen K\u00fcste. Hier erfahren Sie, warum Opatija Ihr n\u00e4chstes Reiseziel sein sollte. Historische Eleganz Opatija kann auf eine [&hellip;]<\/p>\n","protected":false},"author":1,"featured_media":3152,"comment_status":"open","ping_status":"open","sticky":false,"template":"","format":"standard","meta":{"footnotes":""},"categories":[31],"tags":[],"class_list":["post-3508","post","type-post","status-publish","format-standard","has-post-thumbnail","hentry","category-unkategorisiert"],"yoast_head":"<!-- This site is optimized with the Yoast SEO plugin v25.3.1 - https:\/\/yoast.com\/wordpress\/plugins\/seo\/ -->\n<title>Entdecken Sie Opatija, die Perle der Kvarner-Bucht - Boutique Hotel Mali Raj u I\u010di\u0107ima, Opatija - Mali Raj<\/title>\n<meta name=\"robots\" content=\"index, follow, max-snippet:-1, max-image-preview:large, max-video-preview:-1\" \/>\n<link rel=\"canonical\" href=\"https:\/\/mali-raj.hr\/de\/entdecken-sie-opatija-die-perle-der-kvarner-bucht\/\" \/>\n<meta property=\"og:locale\" content=\"de_DE\" \/>\n<meta property=\"og:type\" content=\"article\" \/>\n<meta property=\"og:title\" content=\"Entdecken Sie Opatija, die Perle der Kvarner-Bucht - Boutique Hotel Mali Raj u I\u010di\u0107ima, Opatija - Mali Raj\" \/>\n<meta property=\"og:description\" content=\"Opatija liegt an der Ostk\u00fcste der Halbinsel Istrien und ist eine charmante K\u00fcstenstadt, die Besuchern ein unvergessliches Erlebnis verspricht. Opatija, bekannt als die \u201ePerle des Kvarners\u201c, verbindet die Eleganz der \u00f6sterreichisch-ungarischen \u00c4ra mit der nat\u00fcrlichen Sch\u00f6nheit der kroatischen K\u00fcste. Hier erfahren Sie, warum Opatija Ihr n\u00e4chstes Reiseziel sein sollte. Historische Eleganz Opatija kann auf eine [&hellip;]\" \/>\n<meta property=\"og:url\" content=\"https:\/\/mali-raj.hr\/de\/entdecken-sie-opatija-die-perle-der-kvarner-bucht\/\" \/>\n<meta property=\"og:site_name\" content=\"Boutique Hotel Mali Raj u I\u010di\u0107ima, Opatija - Mali Raj\" \/>\n<meta property=\"article:published_time\" content=\"2024-07-23T05:08:29+00:00\" \/>\n<meta property=\"article:modified_time\" content=\"2024-08-02T14:41:52+00:00\" \/>\n<meta property=\"og:image\" content=\"http:\/\/mali-raj.hr\/wp-content\/uploads\/2024\/07\/Opatija_14201328279.jpg\" \/>\n\t<meta property=\"og:image:width\" content=\"1200\" \/>\n\t<meta property=\"og:image:height\" content=\"800\" \/>\n\t<meta property=\"og:image:type\" content=\"image\/jpeg\" \/>\n<meta name=\"author\" content=\"admin\" \/>\n<meta name=\"twitter:card\" content=\"summary_large_image\" \/>\n<meta name=\"twitter:label1\" content=\"Verfasst von\" \/>\n\t<meta name=\"twitter:data1\" content=\"admin\" \/>\n\t<meta name=\"twitter:label2\" content=\"Gesch\u00e4tzte Lesezeit\" \/>\n\t<meta name=\"twitter:data2\" content=\"3\u00a0Minuten\" \/>\n<script type=\"application\/ld+json\" class=\"yoast-schema-graph\">{\"@context\":\"https:\/\/schema.org\",\"@graph\":[{\"@type\":\"Article\",\"@id\":\"https:\/\/mali-raj.hr\/de\/entdecken-sie-opatija-die-perle-der-kvarner-bucht\/#article\",\"isPartOf\":{\"@id\":\"https:\/\/mali-raj.hr\/de\/entdecken-sie-opatija-die-perle-der-kvarner-bucht\/\"},\"author\":{\"name\":\"admin\",\"@id\":\"https:\/\/mali-raj.hr\/de\/#\/schema\/person\/b5976ec8b442157e554ce0b489b11b20\"},\"headline\":\"Entdecken Sie Opatija, die Perle der Kvarner-Bucht\",\"datePublished\":\"2024-07-23T05:08:29+00:00\",\"dateModified\":\"2024-08-02T14:41:52+00:00\",\"mainEntityOfPage\":{\"@id\":\"https:\/\/mali-raj.hr\/de\/entdecken-sie-opatija-die-perle-der-kvarner-bucht\/\"},\"wordCount\":651,\"commentCount\":0,\"publisher\":{\"@id\":\"https:\/\/mali-raj.hr\/de\/#organization\"},\"image\":{\"@id\":\"https:\/\/mali-raj.hr\/de\/entdecken-sie-opatija-die-perle-der-kvarner-bucht\/#primaryimage\"},\"thumbnailUrl\":\"https:\/\/mali-raj.hr\/wp-content\/uploads\/2024\/07\/Opatija_14201328279.jpg\",\"articleSection\":[\"Unkategorisiert\"],\"inLanguage\":\"de\",\"potentialAction\":[{\"@type\":\"CommentAction\",\"name\":\"Comment\",\"target\":[\"https:\/\/mali-raj.hr\/de\/entdecken-sie-opatija-die-perle-der-kvarner-bucht\/#respond\"]}]},{\"@type\":\"WebPage\",\"@id\":\"https:\/\/mali-raj.hr\/de\/entdecken-sie-opatija-die-perle-der-kvarner-bucht\/\",\"url\":\"https:\/\/mali-raj.hr\/de\/entdecken-sie-opatija-die-perle-der-kvarner-bucht\/\",\"name\":\"Entdecken Sie Opatija, die Perle der Kvarner-Bucht - Boutique Hotel Mali Raj u I\u010di\u0107ima, Opatija - Mali Raj\",\"isPartOf\":{\"@id\":\"https:\/\/mali-raj.hr\/de\/#website\"},\"primaryImageOfPage\":{\"@id\":\"https:\/\/mali-raj.hr\/de\/entdecken-sie-opatija-die-perle-der-kvarner-bucht\/#primaryimage\"},\"image\":{\"@id\":\"https:\/\/mali-raj.hr\/de\/entdecken-sie-opatija-die-perle-der-kvarner-bucht\/#primaryimage\"},\"thumbnailUrl\":\"https:\/\/mali-raj.hr\/wp-content\/uploads\/2024\/07\/Opatija_14201328279.jpg\",\"datePublished\":\"2024-07-23T05:08:29+00:00\",\"dateModified\":\"2024-08-02T14:41:52+00:00\",\"breadcrumb\":{\"@id\":\"https:\/\/mali-raj.hr\/de\/entdecken-sie-opatija-die-perle-der-kvarner-bucht\/#breadcrumb\"},\"inLanguage\":\"de\",\"potentialAction\":[{\"@type\":\"ReadAction\",\"target\":[\"https:\/\/mali-raj.hr\/de\/entdecken-sie-opatija-die-perle-der-kvarner-bucht\/\"]}]},{\"@type\":\"ImageObject\",\"inLanguage\":\"de\",\"@id\":\"https:\/\/mali-raj.hr\/de\/entdecken-sie-opatija-die-perle-der-kvarner-bucht\/#primaryimage\",\"url\":\"https:\/\/mali-raj.hr\/wp-content\/uploads\/2024\/07\/Opatija_14201328279.jpg\",\"contentUrl\":\"https:\/\/mali-raj.hr\/wp-content\/uploads\/2024\/07\/Opatija_14201328279.jpg\",\"width\":1200,\"height\":800,\"caption\":\"Izvor: wikipedia\"},{\"@type\":\"BreadcrumbList\",\"@id\":\"https:\/\/mali-raj.hr\/de\/entdecken-sie-opatija-die-perle-der-kvarner-bucht\/#breadcrumb\",\"itemListElement\":[{\"@type\":\"ListItem\",\"position\":1,\"name\":\"Home\",\"item\":\"https:\/\/mali-raj.hr\/de\/\"},{\"@type\":\"ListItem\",\"position\":2,\"name\":\"Entdecken Sie Opatija, die Perle der Kvarner-Bucht\"}]},{\"@type\":\"WebSite\",\"@id\":\"https:\/\/mali-raj.hr\/de\/#website\",\"url\":\"https:\/\/mali-raj.hr\/de\/\",\"name\":\"Boutique Hotel Mali Raj u I\u010di\u0107ima, Opatija - Mali Raj\",\"description\":\"\",\"publisher\":{\"@id\":\"https:\/\/mali-raj.hr\/de\/#organization\"},\"potentialAction\":[{\"@type\":\"SearchAction\",\"target\":{\"@type\":\"EntryPoint\",\"urlTemplate\":\"https:\/\/mali-raj.hr\/de\/?s={search_term_string}\"},\"query-input\":{\"@type\":\"PropertyValueSpecification\",\"valueRequired\":true,\"valueName\":\"search_term_string\"}}],\"inLanguage\":\"de\"},{\"@type\":\"Organization\",\"@id\":\"https:\/\/mali-raj.hr\/de\/#organization\",\"name\":\"Boutique Hotel Mali Raj u I\u010di\u0107ima, Opatija - Mali Raj\",\"url\":\"https:\/\/mali-raj.hr\/de\/\",\"logo\":{\"@type\":\"ImageObject\",\"inLanguage\":\"de\",\"@id\":\"https:\/\/mali-raj.hr\/de\/#\/schema\/logo\/image\/\",\"url\":\"https:\/\/mali-raj.hr\/wp-content\/uploads\/2020\/02\/cropped-Untitled5-e1724002665698.png\",\"contentUrl\":\"https:\/\/mali-raj.hr\/wp-content\/uploads\/2020\/02\/cropped-Untitled5-e1724002665698.png\",\"width\":138,\"height\":60,\"caption\":\"Boutique Hotel Mali Raj u I\u010di\u0107ima, Opatija - Mali Raj\"},\"image\":{\"@id\":\"https:\/\/mali-raj.hr\/de\/#\/schema\/logo\/image\/\"}},{\"@type\":\"Person\",\"@id\":\"https:\/\/mali-raj.hr\/de\/#\/schema\/person\/b5976ec8b442157e554ce0b489b11b20\",\"name\":\"admin\",\"image\":{\"@type\":\"ImageObject\",\"inLanguage\":\"de\",\"@id\":\"https:\/\/mali-raj.hr\/de\/#\/schema\/person\/image\/\",\"url\":\"https:\/\/secure.gravatar.com\/avatar\/5f1fc1ac2e671f9711f60360e90515a0b3218ff58ed3531d1d9f0d582913c47a?s=96&d=mm&r=g\",\"contentUrl\":\"https:\/\/secure.gravatar.com\/avatar\/5f1fc1ac2e671f9711f60360e90515a0b3218ff58ed3531d1d9f0d582913c47a?s=96&d=mm&r=g\",\"caption\":\"admin\"},\"sameAs\":[\"https:\/\/mali-raj.hr\"],\"url\":\"https:\/\/mali-raj.hr\/de\/author\/maliraj\/\"}]}<\/script>\n<!-- \/ Yoast SEO plugin. -->","yoast_head_json":{"title":"Entdecken Sie Opatija, die Perle der Kvarner-Bucht - Boutique Hotel Mali Raj u I\u010di\u0107ima, Opatija - Mali Raj","robots":{"index":"index","follow":"follow","max-snippet":"max-snippet:-1","max-image-preview":"max-image-preview:large","max-video-preview":"max-video-preview:-1"},"canonical":"https:\/\/mali-raj.hr\/de\/entdecken-sie-opatija-die-perle-der-kvarner-bucht\/","og_locale":"de_DE","og_type":"article","og_title":"Entdecken Sie Opatija, die Perle der Kvarner-Bucht - Boutique Hotel Mali Raj u I\u010di\u0107ima, Opatija - Mali Raj","og_description":"Opatija liegt an der Ostk\u00fcste der Halbinsel Istrien und ist eine charmante K\u00fcstenstadt, die Besuchern ein unvergessliches Erlebnis verspricht. Opatija, bekannt als die \u201ePerle des Kvarners\u201c, verbindet die Eleganz der \u00f6sterreichisch-ungarischen \u00c4ra mit der nat\u00fcrlichen Sch\u00f6nheit der kroatischen K\u00fcste. Hier erfahren Sie, warum Opatija Ihr n\u00e4chstes Reiseziel sein sollte. Historische Eleganz Opatija kann auf eine [&hellip;]","og_url":"https:\/\/mali-raj.hr\/de\/entdecken-sie-opatija-die-perle-der-kvarner-bucht\/","og_site_name":"Boutique Hotel Mali Raj u I\u010di\u0107ima, Opatija - Mali Raj","article_published_time":"2024-07-23T05:08:29+00:00","article_modified_time":"2024-08-02T14:41:52+00:00","og_image":[{"width":1200,"height":800,"url":"http:\/\/mali-raj.hr\/wp-content\/uploads\/2024\/07\/Opatija_14201328279.jpg","type":"image\/jpeg"}],"author":"admin","twitter_card":"summary_large_image","twitter_misc":{"Verfasst von":"admin","Gesch\u00e4tzte Lesezeit":"3\u00a0Minuten"},"schema":{"@context":"https:\/\/schema.org","@graph":[{"@type":"Article","@id":"https:\/\/mali-raj.hr\/de\/entdecken-sie-opatija-die-perle-der-kvarner-bucht\/#article","isPartOf":{"@id":"https:\/\/mali-raj.hr\/de\/entdecken-sie-opatija-die-perle-der-kvarner-bucht\/"},"author":{"name":"admin","@id":"https:\/\/mali-raj.hr\/de\/#\/schema\/person\/b5976ec8b442157e554ce0b489b11b20"},"headline":"Entdecken Sie Opatija, die Perle der Kvarner-Bucht","datePublished":"2024-07-23T05:08:29+00:00","dateModified":"2024-08-02T14:41:52+00:00","mainEntityOfPage":{"@id":"https:\/\/mali-raj.hr\/de\/entdecken-sie-opatija-die-perle-der-kvarner-bucht\/"},"wordCount":651,"commentCount":0,"publisher":{"@id":"https:\/\/mali-raj.hr\/de\/#organization"},"image":{"@id":"https:\/\/mali-raj.hr\/de\/entdecken-sie-opatija-die-perle-der-kvarner-bucht\/#primaryimage"},"thumbnailUrl":"https:\/\/mali-raj.hr\/wp-content\/uploads\/2024\/07\/Opatija_14201328279.jpg","articleSection":["Unkategorisiert"],"inLanguage":"de","potentialAction":[{"@type":"CommentAction","name":"Comment","target":["https:\/\/mali-raj.hr\/de\/entdecken-sie-opatija-die-perle-der-kvarner-bucht\/#respond"]}]},{"@type":"WebPage","@id":"https:\/\/mali-raj.hr\/de\/entdecken-sie-opatija-die-perle-der-kvarner-bucht\/","url":"https:\/\/mali-raj.hr\/de\/entdecken-sie-opatija-die-perle-der-kvarner-bucht\/","name":"Entdecken Sie Opatija, die Perle der Kvarner-Bucht - Boutique Hotel Mali Raj u I\u010di\u0107ima, Opatija - Mali Raj","isPartOf":{"@id":"https:\/\/mali-raj.hr\/de\/#website"},"primaryImageOfPage":{"@id":"https:\/\/mali-raj.hr\/de\/entdecken-sie-opatija-die-perle-der-kvarner-bucht\/#primaryimage"},"image":{"@id":"https:\/\/mali-raj.hr\/de\/entdecken-sie-opatija-die-perle-der-kvarner-bucht\/#primaryimage"},"thumbnailUrl":"https:\/\/mali-raj.hr\/wp-content\/uploads\/2024\/07\/Opatija_14201328279.jpg","datePublished":"2024-07-23T05:08:29+00:00","dateModified":"2024-08-02T14:41:52+00:00","breadcrumb":{"@id":"https:\/\/mali-raj.hr\/de\/entdecken-sie-opatija-die-perle-der-kvarner-bucht\/#breadcrumb"},"inLanguage":"de","potentialAction":[{"@type":"ReadAction","target":["https:\/\/mali-raj.hr\/de\/entdecken-sie-opatija-die-perle-der-kvarner-bucht\/"]}]},{"@type":"ImageObject","inLanguage":"de","@id":"https:\/\/mali-raj.hr\/de\/entdecken-sie-opatija-die-perle-der-kvarner-bucht\/#primaryimage","url":"https:\/\/mali-raj.hr\/wp-content\/uploads\/2024\/07\/Opatija_14201328279.jpg","contentUrl":"https:\/\/mali-raj.hr\/wp-content\/uploads\/2024\/07\/Opatija_14201328279.jpg","width":1200,"height":800,"caption":"Izvor: wikipedia"},{"@type":"BreadcrumbList","@id":"https:\/\/mali-raj.hr\/de\/entdecken-sie-opatija-die-perle-der-kvarner-bucht\/#breadcrumb","itemListElement":[{"@type":"ListItem","position":1,"name":"Home","item":"https:\/\/mali-raj.hr\/de\/"},{"@type":"ListItem","position":2,"name":"Entdecken Sie Opatija, die Perle der Kvarner-Bucht"}]},{"@type":"WebSite","@id":"https:\/\/mali-raj.hr\/de\/#website","url":"https:\/\/mali-raj.hr\/de\/","name":"Boutique Hotel Mali Raj u I\u010di\u0107ima, Opatija - Mali Raj","description":"","publisher":{"@id":"https:\/\/mali-raj.hr\/de\/#organization"},"potentialAction":[{"@type":"SearchAction","target":{"@type":"EntryPoint","urlTemplate":"https:\/\/mali-raj.hr\/de\/?s={search_term_string}"},"query-input":{"@type":"PropertyValueSpecification","valueRequired":true,"valueName":"search_term_string"}}],"inLanguage":"de"},{"@type":"Organization","@id":"https:\/\/mali-raj.hr\/de\/#organization","name":"Boutique Hotel Mali Raj u I\u010di\u0107ima, Opatija - Mali Raj","url":"https:\/\/mali-raj.hr\/de\/","logo":{"@type":"ImageObject","inLanguage":"de","@id":"https:\/\/mali-raj.hr\/de\/#\/schema\/logo\/image\/","url":"https:\/\/mali-raj.hr\/wp-content\/uploads\/2020\/02\/cropped-Untitled5-e1724002665698.png","contentUrl":"https:\/\/mali-raj.hr\/wp-content\/uploads\/2020\/02\/cropped-Untitled5-e1724002665698.png","width":138,"height":60,"caption":"Boutique Hotel Mali Raj u I\u010di\u0107ima, Opatija - Mali Raj"},"image":{"@id":"https:\/\/mali-raj.hr\/de\/#\/schema\/logo\/image\/"}},{"@type":"Person","@id":"https:\/\/mali-raj.hr\/de\/#\/schema\/person\/b5976ec8b442157e554ce0b489b11b20","name":"admin","image":{"@type":"ImageObject","inLanguage":"de","@id":"https:\/\/mali-raj.hr\/de\/#\/schema\/person\/image\/","url":"https:\/\/secure.gravatar.com\/avatar\/5f1fc1ac2e671f9711f60360e90515a0b3218ff58ed3531d1d9f0d582913c47a?s=96&d=mm&r=g","contentUrl":"https:\/\/secure.gravatar.com\/avatar\/5f1fc1ac2e671f9711f60360e90515a0b3218ff58ed3531d1d9f0d582913c47a?s=96&d=mm&r=g","caption":"admin"},"sameAs":["https:\/\/mali-raj.hr"],"url":"https:\/\/mali-raj.hr\/de\/author\/maliraj\/"}]}},"_links":{"self":[{"href":"https:\/\/mali-raj.hr\/de\/wp-json\/wp\/v2\/posts\/3508","targetHints":{"allow":["GET"]}}],"collection":[{"href":"https:\/\/mali-raj.hr\/de\/wp-json\/wp\/v2\/posts"}],"about":[{"href":"https:\/\/mali-raj.hr\/de\/wp-json\/wp\/v2\/types\/post"}],"author":[{"embeddable":true,"href":"https:\/\/mali-raj.hr\/de\/wp-json\/wp\/v2\/users\/1"}],"replies":[{"embeddable":true,"href":"https:\/\/mali-raj.hr\/de\/wp-json\/wp\/v2\/comments?post=3508"}],"version-history":[{"count":0,"href":"https:\/\/mali-raj.hr\/de\/wp-json\/wp\/v2\/posts\/3508\/revisions"}],"wp:featuredmedia":[{"embeddable":true,"href":"https:\/\/mali-raj.hr\/de\/wp-json\/wp\/v2\/media\/3152"}],"wp:attachment":[{"href":"https:\/\/mali-raj.hr\/de\/wp-json\/wp\/v2\/media?parent=3508"}],"wp:term":[{"taxonomy":"category","embeddable":true,"href":"https:\/\/mali-raj.hr\/de\/wp-json\/wp\/v2\/categories?post=3508"},{"taxonomy":"post_tag","embeddable":true,"href":"https:\/\/mali-raj.hr\/de\/wp-json\/wp\/v2\/tags?post=3508"}],"curies":[{"name":"wp","href":"https:\/\/api.w.org\/{rel}","templated":true}]}}